{"id":4935,"date":"2022-06-27T10:21:11","date_gmt":"2022-06-27T09:21:11","guid":{"rendered":"https:\/\/salonsendy.cz\/?p=4935"},"modified":"2024-01-16T10:59:28","modified_gmt":"2024-01-16T09:59:28","slug":"dovolena","status":"publish","type":"post","link":"http:\/\/salonsendy.cz\/index.php\/2022\/06\/27\/dovolena\/","title":{"rendered":"Dovolen\u00e1"},"content":{"rendered":"\n<p>od 25.7.2022 &#8211; 4.8. 2022 \u010derp\u00e1me dovolenou, b\u011bhem t\u00e9 doby nest\u0159\u00edh\u00e1me, ale p\u0159ij\u00edm\u00e1me tel. objedn\u00e1vky na dobu po dovolen\u00e9. D\u011bkujeme<\/p>\n","protected":false},"excerpt":{"rendered":"<p>od 25.7.2022 &#8211; 4.8. 2022 \u010derp\u00e1me dovolenou, b\u011bhem t\u00e9 doby nest\u0159\u00edh\u00e1me, ale p\u0159ij\u00edm\u00e1me tel. objedn\u00e1vky na dobu po dovolen\u00e9. D\u011bkujeme<\/p>\n","protected":false},"author":2,"featured_media":0,"comment_status":"closed","ping_status":"","sticky":false,"template":"","format":"standard","meta":{"footnotes":""},"categories":[1],"tags":[],"class_list":["post-4935","post","type-post","status-publish","format-standard","hentry","category-uncategorized"],"_links":{"self":[{"href":"http:\/\/salonsendy.cz\/index.php\/wp-json\/wp\/v2\/posts\/4935","targetHints":{"allow":["GET"]}}],"collection":[{"href":"http:\/\/salonsendy.cz\/index.php\/wp-json\/wp\/v2\/posts"}],"about":[{"href":"http:\/\/salonsendy.cz\/index.php\/wp-json\/wp\/v2\/types\/post"}],"author":[{"embeddable":true,"href":"http:\/\/salonsendy.cz\/index.php\/wp-json\/wp\/v2\/users\/2"}],"replies":[{"embeddable":true,"href":"http:\/\/salonsendy.cz\/index.php\/wp-json\/wp\/v2\/comments?post=4935"}],"version-history":[{"count":2,"href":"http:\/\/salonsendy.cz\/index.php\/wp-json\/wp\/v2\/posts\/4935\/revisions"}],"predecessor-version":[{"id":4949,"href":"http:\/\/salonsendy.cz\/index.php\/wp-json\/wp\/v2\/posts\/4935\/revisions\/4949"}],"wp:attachment":[{"href":"http:\/\/salonsendy.cz\/index.php\/wp-json\/wp\/v2\/media?parent=4935"}],"wp:term":[{"taxonomy":"category","embeddable":true,"href":"http:\/\/salonsendy.cz\/index.php\/wp-json\/wp\/v2\/categories?post=4935"},{"taxonomy":"post_tag","embeddable":true,"href":"http:\/\/salonsendy.cz\/index.php\/wp-json\/wp\/v2\/tags?post=4935"}],"curies":[{"name":"wp","href":"https:\/\/api.w.org\/{rel}","templated":true}]}}